{"id":3919,"date":"2018-02-13T08:00:11","date_gmt":"2018-02-13T10:00:11","guid":{"rendered":"https:\/\/redatoroline.net\/novoblog2020\/?p=3919"},"modified":"2020-05-12T15:49:31","modified_gmt":"2020-05-12T18:49:31","slug":"funil-de-vendas-conceito-e-aplicacao-video","status":"publish","type":"post","link":"https:\/\/nexuspro.digital\/blog\/funil-de-vendas-conceito-e-aplicacao-video\/","title":{"rendered":"Funil de vendas: Conceito e aplica\u00e7\u00e3o [V\u00eddeo]!"},"content":{"rendered":"<p>Voc\u00ea j\u00e1 ouviu falar no <strong>conceito de funil de vendas<\/strong> e sabe como aplic\u00e1-lo?<\/p>\n<p>Esse \u00e9 um termo muito comum em <a href=\"https:\/\/nexuspro.digital\/blog\/marketing-digital\/?utm_source=blog&amp;utm_medium=post&amp;utm_campaign=funil-de-vendas-conceito-e-aplicacao-video\" target=\"_blank\" rel=\"noopener noreferrer\">marketing digital<\/a> e vendas ultimamente. Provavelmente, voc\u00ea j\u00e1 deve ter ouvido falar nesse termo e at\u00e9 j\u00e1 procurado implantar na sua empresa.<\/p>\n<p>O ponto importante \u00e9 que essa \u00e9 uma das estrat\u00e9gias mais eficazes e que traz o maior retorno poss\u00edvel. Ela consiste em <a href=\"https:\/\/nexuspro.digital\/blog\/lista-segmentada-em-email-marketing\/?utm_source=blog&amp;utm_medium=post&amp;utm_campaign=funil-de-vendas-conceito-e-aplicacao-video\" target=\"_blank\" rel=\"noopener noreferrer\">qualificar, ou trabalhar, os seus leads<\/a> at\u00e9 lev\u00e1-los \u00e0 etapa de compra, um passo importante para \u201cselecionar os clientes certos\u201d de seu neg\u00f3cio.<\/p>\n<p>Mas para fazer essa ferramenta funcionar voc\u00ea precisa conhecer a defini\u00e7\u00e3o de funil de vendas, aprender como ele funciona e garantir que ele se encaixa em seu modelo de neg\u00f3cio.<\/p>\n<p>Afinal de contas, nem todas as empresas precisam qualificar seus compradores e, assim, n\u00e3o <a href=\"https:\/\/nexuspro.digital\/blog\/importancia-do-funil-de-vendas\/?utm_source=blog&amp;utm_medium=post&amp;utm_campaign=funil-de-vendas-conceito-e-aplicacao-video\" target=\"_blank\" rel=\"noopener noreferrer\">precisam necessariamente de um funil de vendas<\/a>.<\/p>\n<p>Veja neste v\u00eddeo tudo sobre o funil de vendas, conceito e aplica\u00e7\u00e3o, e algumas dicas extremamente importantes para coloc\u00e1-lo em funcionamento em seu neg\u00f3cio. Assista ao v\u00eddeo agora mesmo e aprenda a usar essa ferramenta de vendas em seu neg\u00f3cio.<\/p>\n<h2>Funil de vendas: Conceito e aplica\u00e7\u00e3o!<\/h2>\n<p><iframe style=\"border: none; overflow: hidden;\" src=\"https:\/\/www.facebook.com\/plugins\/video.php?href=https%3A%2F%2Fwww.facebook.com%2Fredatoronline.net%2Fvideos%2F1132961926823652%2F&amp;show_text=0&amp;width=560\" width=\"560\" height=\"315\" frameborder=\"0\" scrolling=\"no\" allowfullscreen=\"allowfullscreen\"><\/iframe><\/p>\n<p>Agora me diga: Voc\u00ea j\u00e1 conhecia o termo funil de vendas, seu conceito e aplica\u00e7\u00e3o? J\u00e1 o utiliza na <a href=\"https:\/\/nexuspro.digital\/blog\/4-dicas-de-vendas\/?utm_source=blog&amp;utm_medium=post&amp;utm_campaign=funil-de-vendas-conceito-e-aplicacao-video\" target=\"_blank\" rel=\"noopener noreferrer\">estrat\u00e9gia de vendas<\/a> da sua empresa? Deixe o seu coment\u00e1rio abaixo!<\/p>\n<p>Aproveite para se aprofundar mais no tema e descobrir <a href=\"https:\/\/nexuspro.digital\/blog\/como-montar-o-seu-funil-de-vendas-e-vender-mais\/?utm_source=blog&amp;utm_medium=post&amp;utm_campaign=funil-de-vendas-conceito-e-aplicacao-video\" target=\"_blank\" rel=\"noopener noreferrer\">como criar o seu pr\u00f3prio funil de vendas neste outro post do blog<\/a>. Conhe\u00e7a todas as etapas envolvidas nesse processo e aprenda como otimizar cada fase para gerar mais vendas em seu neg\u00f3cio.<\/p>\n<p>Que tal receber v\u00eddeos como esse, fresquinhos? Acesse nosso <a href=\"https:\/\/facebook.com\/redatoronline.net\" target=\"_blank\" rel=\"noopener noreferrer\">Facebook<\/a>, <a href=\"https:\/\/twitter.com\/redatornet\" target=\"_blank\" rel=\"noopener noreferrer\">Twitter<\/a>, <a href=\"http:\/\/linkedin.com\/company\/redatoronline.net\" target=\"_blank\" rel=\"noopener noreferrer\">Linkedin<\/a>, <a href=\"https:\/\/www.instagram.com\/redatoronlinenet\/\" target=\"_blank\" rel=\"noopener noreferrer\">Instagram<\/a> e inscreva-se. Sempre h\u00e1 novos conte\u00fados nesses canais para mant\u00ea-lo informado sobre marketing de conte\u00fado.<\/p>\n<p>Prefere receber as novidades em seu email, sem problemas. <a href=\"http:\/\/listavip.redatoronline.net\/?utm_source=blog&amp;utm_medium=post&amp;utm_campaign=funil-de-vendas-conceito-e-aplicacao-video&amp;utm_content=cta\" target=\"_blank\" rel=\"noopener noreferrer\">Inscreva-se em nossa Lista VIP agora mesmo<\/a> e receba os conte\u00fados em sua caixa de entrada semanalmente.<\/p>\n","protected":false},"excerpt":{"rendered":"<p>Veja neste v\u00eddeo tudo sobre o funil de vendas, conceito e aplica\u00e7\u00e3o, e algumas dicas extremamente importantes para coloc\u00e1-lo em funcionamento em seu neg\u00f3cio. Assista ao v\u00eddeo agora mesmo e aprenda a usar essa ferramenta de vendas em seu neg\u00f3cio.<\/p>\n","protected":false},"author":1,"featured_media":3921,"comment_status":"open","ping_status":"open","sticky":false,"template":"","format":"standard","meta":{"footnotes":""},"categories":[46],"tags":[650,649,172,651,455],"class_list":["post-3919","post","type-post","status-publish","format-standard","has-post-thumbnail","hentry","category-vendas","tag-aplicacao-do-funil-de-vendas","tag-conceito-funil-de-vendas","tag-funil-de-vendas","tag-o-que-e-funil-de-vendas","tag-pipeline-de-vendas"],"yoast_head":"<!-- This site is optimized with the Yoast SEO plugin v23.5 - https:\/\/yoast.com\/wordpress\/plugins\/seo\/ -->\n<title>Funil de vendas: Conceito e aplica\u00e7\u00e3o [V\u00eddeo]! - BLOG NEXUSPRO<\/title>\n<meta name=\"description\" content=\"Veja neste v\u00eddeo tudo sobre o funil de vendas, conceito e aplica\u00e7\u00e3o, e algumas dicas extremamente importantes para coloc\u00e1-lo em funcionamento em seu neg\u00f3cio. Assista ao v\u00eddeo agora mesmo e aprenda a usar essa ferramenta de vendas em seu neg\u00f3cio.\" \/>\n<meta name=\"robots\" content=\"index, follow, max-snippet:-1, max-image-preview:large, max-video-preview:-1\" \/>\n<link rel=\"canonical\" href=\"https:\/\/nexuspro.digital\/blog\/funil-de-vendas-conceito-e-aplicacao-video\/\" \/>\n<meta property=\"og:locale\" content=\"pt_BR\" \/>\n<meta property=\"og:type\" content=\"article\" \/>\n<meta property=\"og:title\" content=\"Funil de vendas: Conceito e aplica\u00e7\u00e3o [V\u00eddeo]! - BLOG NEXUSPRO\" \/>\n<meta property=\"og:description\" content=\"Veja neste v\u00eddeo tudo sobre o funil de vendas, conceito e aplica\u00e7\u00e3o, e algumas dicas extremamente importantes para coloc\u00e1-lo em funcionamento em seu neg\u00f3cio. Assista ao v\u00eddeo agora mesmo e aprenda a usar essa ferramenta de vendas em seu neg\u00f3cio.\" \/>\n<meta property=\"og:url\" content=\"https:\/\/nexuspro.digital\/blog\/funil-de-vendas-conceito-e-aplicacao-video\/\" \/>\n<meta property=\"og:site_name\" content=\"BLOG NEXUSPRO\" \/>\n<meta property=\"article:publisher\" content=\"http:\/\/facebook.com\/redatoronline.net\" \/>\n<meta property=\"article:author\" content=\"https:\/\/facebook.com\/redatoronline.net\" \/>\n<meta property=\"article:published_time\" content=\"2018-02-13T10:00:11+00:00\" \/>\n<meta property=\"article:modified_time\" content=\"2020-05-12T18:49:31+00:00\" \/>\n<meta property=\"og:image\" content=\"https:\/\/nexuspro.digital\/blog\/wp-content\/uploads\/2018\/02\/funil-de-vendas-conceito-e-aplica\u00e7\u00e3o.jpg\" \/>\n\t<meta property=\"og:image:width\" content=\"1280\" \/>\n\t<meta property=\"og:image:height\" content=\"720\" \/>\n\t<meta property=\"og:image:type\" content=\"image\/jpeg\" \/>\n<meta name=\"author\" content=\"Redator OnLine\" \/>\n<meta name=\"twitter:card\" content=\"summary_large_image\" \/>\n<meta name=\"twitter:creator\" content=\"@redatornet\" \/>\n<meta name=\"twitter:site\" content=\"@redatornet\" \/>\n<meta name=\"twitter:label1\" content=\"Escrito por\" \/>\n\t<meta name=\"twitter:data1\" content=\"Redator OnLine\" \/>\n\t<meta name=\"twitter:label2\" content=\"Est. tempo de leitura\" \/>\n\t<meta name=\"twitter:data2\" content=\"2 minutos\" \/>\n<script type=\"application\/ld+json\" class=\"yoast-schema-graph\">{\"@context\":\"https:\/\/schema.org\",\"@graph\":[{\"@type\":\"WebPage\",\"@id\":\"https:\/\/nexuspro.digital\/blog\/funil-de-vendas-conceito-e-aplicacao-video\/\",\"url\":\"https:\/\/nexuspro.digital\/blog\/funil-de-vendas-conceito-e-aplicacao-video\/\",\"name\":\"Funil de vendas: Conceito e aplica\u00e7\u00e3o [V\u00eddeo]! - BLOG NEXUSPRO\",\"isPartOf\":{\"@id\":\"https:\/\/nexuspro.digital\/blog\/#website\"},\"primaryImageOfPage\":{\"@id\":\"https:\/\/nexuspro.digital\/blog\/funil-de-vendas-conceito-e-aplicacao-video\/#primaryimage\"},\"image\":{\"@id\":\"https:\/\/nexuspro.digital\/blog\/funil-de-vendas-conceito-e-aplicacao-video\/#primaryimage\"},\"thumbnailUrl\":\"https:\/\/nexuspro.digital\/blog\/wp-content\/uploads\/2018\/02\/funil-de-vendas-conceito-e-aplica\u00e7\u00e3o.jpg\",\"datePublished\":\"2018-02-13T10:00:11+00:00\",\"dateModified\":\"2020-05-12T18:49:31+00:00\",\"author\":{\"@id\":\"https:\/\/nexuspro.digital\/blog\/#\/schema\/person\/de65a34dbbd325617d5df93adec7f99c\"},\"description\":\"Veja neste v\u00eddeo tudo sobre o funil de vendas, conceito e aplica\u00e7\u00e3o, e algumas dicas extremamente importantes para coloc\u00e1-lo em funcionamento em seu neg\u00f3cio. Assista ao v\u00eddeo agora mesmo e aprenda a usar essa ferramenta de vendas em seu neg\u00f3cio.\",\"breadcrumb\":{\"@id\":\"https:\/\/nexuspro.digital\/blog\/funil-de-vendas-conceito-e-aplicacao-video\/#breadcrumb\"},\"inLanguage\":\"pt-BR\",\"potentialAction\":[{\"@type\":\"ReadAction\",\"target\":[\"https:\/\/nexuspro.digital\/blog\/funil-de-vendas-conceito-e-aplicacao-video\/\"]}]},{\"@type\":\"ImageObject\",\"inLanguage\":\"pt-BR\",\"@id\":\"https:\/\/nexuspro.digital\/blog\/funil-de-vendas-conceito-e-aplicacao-video\/#primaryimage\",\"url\":\"https:\/\/nexuspro.digital\/blog\/wp-content\/uploads\/2018\/02\/funil-de-vendas-conceito-e-aplica\u00e7\u00e3o.jpg\",\"contentUrl\":\"https:\/\/nexuspro.digital\/blog\/wp-content\/uploads\/2018\/02\/funil-de-vendas-conceito-e-aplica\u00e7\u00e3o.jpg\",\"width\":1280,\"height\":720,\"caption\":\"funil de vendas conceito e aplica\u00e7\u00e3o\"},{\"@type\":\"BreadcrumbList\",\"@id\":\"https:\/\/nexuspro.digital\/blog\/funil-de-vendas-conceito-e-aplicacao-video\/#breadcrumb\",\"itemListElement\":[{\"@type\":\"ListItem\",\"position\":1,\"name\":\"In\u00edcio\",\"item\":\"https:\/\/nexuspro.digital\/blog\/\"},{\"@type\":\"ListItem\",\"position\":2,\"name\":\"Funil de vendas: Conceito e aplica\u00e7\u00e3o [V\u00eddeo]!\"}]},{\"@type\":\"WebSite\",\"@id\":\"https:\/\/nexuspro.digital\/blog\/#website\",\"url\":\"https:\/\/nexuspro.digital\/blog\/\",\"name\":\"BLOG NEXUSPRO\",\"description\":\"Dicas de marketing de conte\u00fado, inbound marketing e marketing digital\",\"potentialAction\":[{\"@type\":\"SearchAction\",\"target\":{\"@type\":\"EntryPoint\",\"urlTemplate\":\"https:\/\/nexuspro.digital\/blog\/?s={search_term_string}\"},\"query-input\":{\"@type\":\"PropertyValueSpecification\",\"valueRequired\":true,\"valueName\":\"search_term_string\"}}],\"inLanguage\":\"pt-BR\"},{\"@type\":\"Person\",\"@id\":\"https:\/\/nexuspro.digital\/blog\/#\/schema\/person\/de65a34dbbd325617d5df93adec7f99c\",\"name\":\"Redator OnLine\",\"image\":{\"@type\":\"ImageObject\",\"inLanguage\":\"pt-BR\",\"@id\":\"https:\/\/nexuspro.digital\/blog\/#\/schema\/person\/image\/\",\"url\":\"https:\/\/secure.gravatar.com\/avatar\/c38dc7277ef4bd19ee4de5cadfc74fe1?s=96&r=g\",\"contentUrl\":\"https:\/\/secure.gravatar.com\/avatar\/c38dc7277ef4bd19ee4de5cadfc74fe1?s=96&r=g\",\"caption\":\"Redator OnLine\"},\"description\":\"Dicas, t\u00e9cnicas e sacadas sobre marketing de conte\u00fado e inbound marketing.\",\"sameAs\":[\"https:\/\/redatoronline.net\",\"https:\/\/facebook.com\/redatoronline.net\",\"https:\/\/instagram.com\/redatoronlinenet\/\",\"https:\/\/www.linkedin.com\/company\/redatoronline.net\",\"https:\/\/x.com\/redatornet\",\"https:\/\/www.youtube.com\/channel\/UC3-GQtOrEdFfRdSoXEzW-oQ\"]}]}<\/script>\n<!-- \/ Yoast SEO plugin. -->","yoast_head_json":{"title":"Funil de vendas: Conceito e aplica\u00e7\u00e3o [V\u00eddeo]! - BLOG NEXUSPRO","description":"Veja neste v\u00eddeo tudo sobre o funil de vendas, conceito e aplica\u00e7\u00e3o, e algumas dicas extremamente importantes para coloc\u00e1-lo em funcionamento em seu neg\u00f3cio. Assista ao v\u00eddeo agora mesmo e aprenda a usar essa ferramenta de vendas em seu neg\u00f3cio.","robots":{"index":"index","follow":"follow","max-snippet":"max-snippet:-1","max-image-preview":"max-image-preview:large","max-video-preview":"max-video-preview:-1"},"canonical":"https:\/\/nexuspro.digital\/blog\/funil-de-vendas-conceito-e-aplicacao-video\/","og_locale":"pt_BR","og_type":"article","og_title":"Funil de vendas: Conceito e aplica\u00e7\u00e3o [V\u00eddeo]! - BLOG NEXUSPRO","og_description":"Veja neste v\u00eddeo tudo sobre o funil de vendas, conceito e aplica\u00e7\u00e3o, e algumas dicas extremamente importantes para coloc\u00e1-lo em funcionamento em seu neg\u00f3cio. Assista ao v\u00eddeo agora mesmo e aprenda a usar essa ferramenta de vendas em seu neg\u00f3cio.","og_url":"https:\/\/nexuspro.digital\/blog\/funil-de-vendas-conceito-e-aplicacao-video\/","og_site_name":"BLOG NEXUSPRO","article_publisher":"http:\/\/facebook.com\/redatoronline.net","article_author":"https:\/\/facebook.com\/redatoronline.net","article_published_time":"2018-02-13T10:00:11+00:00","article_modified_time":"2020-05-12T18:49:31+00:00","og_image":[{"width":1280,"height":720,"url":"https:\/\/nexuspro.digital\/blog\/wp-content\/uploads\/2018\/02\/funil-de-vendas-conceito-e-aplica\u00e7\u00e3o.jpg","type":"image\/jpeg"}],"author":"Redator OnLine","twitter_card":"summary_large_image","twitter_creator":"@redatornet","twitter_site":"@redatornet","twitter_misc":{"Escrito por":"Redator OnLine","Est. tempo de leitura":"2 minutos"},"schema":{"@context":"https:\/\/schema.org","@graph":[{"@type":"WebPage","@id":"https:\/\/nexuspro.digital\/blog\/funil-de-vendas-conceito-e-aplicacao-video\/","url":"https:\/\/nexuspro.digital\/blog\/funil-de-vendas-conceito-e-aplicacao-video\/","name":"Funil de vendas: Conceito e aplica\u00e7\u00e3o [V\u00eddeo]! - BLOG NEXUSPRO","isPartOf":{"@id":"https:\/\/nexuspro.digital\/blog\/#website"},"primaryImageOfPage":{"@id":"https:\/\/nexuspro.digital\/blog\/funil-de-vendas-conceito-e-aplicacao-video\/#primaryimage"},"image":{"@id":"https:\/\/nexuspro.digital\/blog\/funil-de-vendas-conceito-e-aplicacao-video\/#primaryimage"},"thumbnailUrl":"https:\/\/nexuspro.digital\/blog\/wp-content\/uploads\/2018\/02\/funil-de-vendas-conceito-e-aplica\u00e7\u00e3o.jpg","datePublished":"2018-02-13T10:00:11+00:00","dateModified":"2020-05-12T18:49:31+00:00","author":{"@id":"https:\/\/nexuspro.digital\/blog\/#\/schema\/person\/de65a34dbbd325617d5df93adec7f99c"},"description":"Veja neste v\u00eddeo tudo sobre o funil de vendas, conceito e aplica\u00e7\u00e3o, e algumas dicas extremamente importantes para coloc\u00e1-lo em funcionamento em seu neg\u00f3cio. Assista ao v\u00eddeo agora mesmo e aprenda a usar essa ferramenta de vendas em seu neg\u00f3cio.","breadcrumb":{"@id":"https:\/\/nexuspro.digital\/blog\/funil-de-vendas-conceito-e-aplicacao-video\/#breadcrumb"},"inLanguage":"pt-BR","potentialAction":[{"@type":"ReadAction","target":["https:\/\/nexuspro.digital\/blog\/funil-de-vendas-conceito-e-aplicacao-video\/"]}]},{"@type":"ImageObject","inLanguage":"pt-BR","@id":"https:\/\/nexuspro.digital\/blog\/funil-de-vendas-conceito-e-aplicacao-video\/#primaryimage","url":"https:\/\/nexuspro.digital\/blog\/wp-content\/uploads\/2018\/02\/funil-de-vendas-conceito-e-aplica\u00e7\u00e3o.jpg","contentUrl":"https:\/\/nexuspro.digital\/blog\/wp-content\/uploads\/2018\/02\/funil-de-vendas-conceito-e-aplica\u00e7\u00e3o.jpg","width":1280,"height":720,"caption":"funil de vendas conceito e aplica\u00e7\u00e3o"},{"@type":"BreadcrumbList","@id":"https:\/\/nexuspro.digital\/blog\/funil-de-vendas-conceito-e-aplicacao-video\/#breadcrumb","itemListElement":[{"@type":"ListItem","position":1,"name":"In\u00edcio","item":"https:\/\/nexuspro.digital\/blog\/"},{"@type":"ListItem","position":2,"name":"Funil de vendas: Conceito e aplica\u00e7\u00e3o [V\u00eddeo]!"}]},{"@type":"WebSite","@id":"https:\/\/nexuspro.digital\/blog\/#website","url":"https:\/\/nexuspro.digital\/blog\/","name":"BLOG NEXUSPRO","description":"Dicas de marketing de conte\u00fado, inbound marketing e marketing digital","potentialAction":[{"@type":"SearchAction","target":{"@type":"EntryPoint","urlTemplate":"https:\/\/nexuspro.digital\/blog\/?s={search_term_string}"},"query-input":{"@type":"PropertyValueSpecification","valueRequired":true,"valueName":"search_term_string"}}],"inLanguage":"pt-BR"},{"@type":"Person","@id":"https:\/\/nexuspro.digital\/blog\/#\/schema\/person\/de65a34dbbd325617d5df93adec7f99c","name":"Redator OnLine","image":{"@type":"ImageObject","inLanguage":"pt-BR","@id":"https:\/\/nexuspro.digital\/blog\/#\/schema\/person\/image\/","url":"https:\/\/secure.gravatar.com\/avatar\/c38dc7277ef4bd19ee4de5cadfc74fe1?s=96&r=g","contentUrl":"https:\/\/secure.gravatar.com\/avatar\/c38dc7277ef4bd19ee4de5cadfc74fe1?s=96&r=g","caption":"Redator OnLine"},"description":"Dicas, t\u00e9cnicas e sacadas sobre marketing de conte\u00fado e inbound marketing.","sameAs":["https:\/\/redatoronline.net","https:\/\/facebook.com\/redatoronline.net","https:\/\/instagram.com\/redatoronlinenet\/","https:\/\/www.linkedin.com\/company\/redatoronline.net","https:\/\/x.com\/redatornet","https:\/\/www.youtube.com\/channel\/UC3-GQtOrEdFfRdSoXEzW-oQ"]}]}},"_links":{"self":[{"href":"https:\/\/nexuspro.digital\/blog\/wp-json\/wp\/v2\/posts\/3919"}],"collection":[{"href":"https:\/\/nexuspro.digital\/blog\/wp-json\/wp\/v2\/posts"}],"about":[{"href":"https:\/\/nexuspro.digital\/blog\/wp-json\/wp\/v2\/types\/post"}],"author":[{"embeddable":true,"href":"https:\/\/nexuspro.digital\/blog\/wp-json\/wp\/v2\/users\/1"}],"replies":[{"embeddable":true,"href":"https:\/\/nexuspro.digital\/blog\/wp-json\/wp\/v2\/comments?post=3919"}],"version-history":[{"count":5,"href":"https:\/\/nexuspro.digital\/blog\/wp-json\/wp\/v2\/posts\/3919\/revisions"}],"predecessor-version":[{"id":5752,"href":"https:\/\/nexuspro.digital\/blog\/wp-json\/wp\/v2\/posts\/3919\/revisions\/5752"}],"wp:featuredmedia":[{"embeddable":true,"href":"https:\/\/nexuspro.digital\/blog\/wp-json\/wp\/v2\/media\/3921"}],"wp:attachment":[{"href":"https:\/\/nexuspro.digital\/blog\/wp-json\/wp\/v2\/media?parent=3919"}],"wp:term":[{"taxonomy":"category","embeddable":true,"href":"https:\/\/nexuspro.digital\/blog\/wp-json\/wp\/v2\/categories?post=3919"},{"taxonomy":"post_tag","embeddable":true,"href":"https:\/\/nexuspro.digital\/blog\/wp-json\/wp\/v2\/tags?post=3919"}],"curies":[{"name":"wp","href":"https:\/\/api.w.org\/{rel}","templated":true}]}}