{"id":3844,"date":"2017-12-19T08:00:41","date_gmt":"2017-12-19T11:00:41","guid":{"rendered":"https:\/\/redatoroline.net\/novoblog2020\/?p=3844"},"modified":"2020-05-29T18:02:09","modified_gmt":"2020-05-29T21:02:09","slug":"como-definir-persona-do-negocio-video","status":"publish","type":"post","link":"https:\/\/nexuspro.digital\/blog\/como-definir-persona-do-negocio-video\/","title":{"rendered":"Como definir a persona do neg\u00f3cio [V\u00eddeo]?"},"content":{"rendered":"<p>N\u00f3s j\u00e1 falamos sobre como definir a sua persona ou valid\u00e1-la, atrav\u00e9s de <a href=\"https:\/\/nexuspro.digital\/blog\/como-definir-ou-validar-a-sua-persona-video\/?utm_source=blog&amp;utm_medium=post&amp;utm_campaign=como-definir-persona-do-negocio-video\" target=\"_blank\" rel=\"noopener noreferrer\">ferramentas gratuitas e acess\u00edveis<\/a>, em outro v\u00eddeo. Contudo, esse assunto \u00e9 t\u00e3o importante que precisamos retom\u00e1-lo novamente.<\/p>\n<p>Conhecer o seu comprador em potencial \u00e9 determinante para preparar a sua empresa para atend\u00ea-lo, montar o produto correto e aumentar as suas vendas.<\/p>\n<p>E isso precisa ser feito de forma frequente e sempre que poss\u00edvel. Em outras palavras, uma estrat\u00e9gia que simplesmente n\u00e3o tem fim.<\/p>\n<p>Se voc\u00ea n\u00e3o sabe para quem pretende vender fica dif\u00edcil <a href=\"https:\/\/nexuspro.digital\/blog\/fechamento-de-vendas-5-tecnicas\/?utm_source=blog&amp;utm_medium=post&amp;utm_campaign=como-definir-persona-do-negocio-video\" target=\"_blank\" rel=\"noopener noreferrer\">criar uma oferta atrativa e funcional<\/a> para o seu neg\u00f3cio.<\/p>\n<p>Ou voc\u00ea acaba atraindo as pessoas erradas para seu neg\u00f3cio, ou vendendo para as pessoas erradas e aumentando a taxa de reembolso em sua empresa.<\/p>\n<p>De qualquer forma <strong>voc\u00ea desperdi\u00e7a tempo e dinheiro<\/strong>. Duas coisas que ningu\u00e9m quer ter em seu neg\u00f3cio, n\u00e3o \u00e9 mesmo?<\/p>\n<p>O \u00fanico jeito de evitar esses problemas s\u00e9rios \u00e9 aprendendo como <a href=\"https:\/\/nexuspro.digital\/blog\/persona-como-conhecer-a-de-seu-negocio\/?utm_source=blog&amp;utm_medium=post&amp;utm_campaign=como-definir-persona-do-negocio-video\" target=\"_blank\" rel=\"noopener noreferrer\">definir a sua persona de uma vez por todas<\/a>.<\/p>\n<p>Veja neste v\u00eddeo as principais <strong>formas para conhecer o seu p\u00fablico comprador<\/strong> e incorpor\u00e1-lo na estrat\u00e9gia de marketing da sua empresa. Acompanhe formas simples, baratas e at\u00e9 gratuitas para tomar conhecimento do <a href=\"https:\/\/nexuspro.digital\/blog\/cliente-ideal\/\" target=\"_blank\" rel=\"noopener noreferrer\">cliente ideal de seu neg\u00f3cio<\/a>.<\/p>\n<p>Al\u00e9m disso, essas t\u00e9cnicas s\u00e3o complementares, ou seja, podem e devem ser usadas em conjunto. Ent\u00e3o n\u00e3o perca tempo e assista ao v\u00eddeo agora mesmo!<\/p>\n<h2>Como definir a persona de seu neg\u00f3cio?<\/h2>\n<p><iframe style=\"border: none; overflow: hidden;\" src=\"https:\/\/www.facebook.com\/plugins\/video.php?href=https%3A%2F%2Fwww.facebook.com%2Fredatoronline.net%2Fvideos%2F1125421840910994%2F&amp;show_text=0&amp;width=560\" width=\"560\" height=\"315\" frameborder=\"0\" scrolling=\"no\" allowfullscreen=\"allowfullscreen\"><\/iframe><\/p>\n<p>Agora me diga: Voc\u00ea j\u00e1 definiu a persona de seu neg\u00f3cio? Quais dessas formas utilizou? Tem outras dicas sobre como definir a persona? Deixe o seu coment\u00e1rio abaixo!<\/p>\n<p>Que tal receber v\u00eddeos como esse, fresquinhos? Acesse nosso <a href=\"https:\/\/facebook.com\/redatoronline.net\" target=\"_blank\" rel=\"noopener noreferrer\">Facebook<\/a>, <a href=\"https:\/\/twitter.com\/redatornet\" target=\"_blank\" rel=\"noopener noreferrer\">Twitter<\/a>, <a href=\"http:\/\/linkedin.com\/company\/redatoronline.net\" target=\"_blank\" rel=\"noopener noreferrer\">Linkedin<\/a>, <a href=\"https:\/\/www.instagram.com\/redatoronlinenet\/\" target=\"_blank\" rel=\"noopener noreferrer\">Instagram<\/a> e inscreva-se. Sempre h\u00e1 novos conte\u00fados nesses canais para mant\u00ea-lo informado sobre marketing de conte\u00fado.<\/p>\n<p>Prefere receber as novidades em seu email, sem problemas. <a href=\"http:\/\/listavip.redatoronline.net\/?utm_source=blog&amp;utm_medium=post&amp;utm_campaign=como-definir-persona-do-negocio-video&amp;utm_content=cta\" target=\"_blank\" rel=\"noopener noreferrer\">Inscreva-se em nossa Lista VIP agora mesmo<\/a> e receba os conte\u00fados em sua caixa de entrada semanalmente.<\/p>\n<p><a href=\"https:\/\/materiais.redatoronline.net\/definindo-persona?utm_source=blog&amp;utm_medium=post&amp;utm_campaign=como-definir-persona-do-negocio-video&amp;utm_content=banner\" target=\"_blank\" rel=\"noopener noreferrer\"><img fetchpriority=\"high\" decoding=\"async\" class=\"aligncenter wp-image-3948 size-full\" src=\"https:\/\/nexuspro.digital\/blog\/wp-content\/uploads\/2018\/01\/banner-definindo-sua-persona.jpg\" alt=\"banner definindo sua persona\" width=\"728\" height=\"90\" srcset=\"https:\/\/nexuspro.digital\/blog\/wp-content\/uploads\/2018\/01\/banner-definindo-sua-persona.jpg 728w, https:\/\/nexuspro.digital\/blog\/wp-content\/uploads\/2018\/01\/banner-definindo-sua-persona-300x37.jpg 300w\" sizes=\"(max-width: 728px) 100vw, 728px\" \/><\/a><\/p>\n","protected":false},"excerpt":{"rendered":"<p>Veja neste v\u00eddeo como definir a persona do neg\u00f3cio e incorporar esse perfil na estrat\u00e9gia de marketing da sua empresa. Confira!<\/p>\n","protected":false},"author":1,"featured_media":3846,"comment_status":"open","ping_status":"open","sticky":false,"template":"","format":"standard","meta":{"footnotes":""},"categories":[51],"tags":[513,635,43,636],"class_list":["post-3844","post","type-post","status-publish","format-standard","has-post-thumbnail","hentry","category-marketing-digital","tag-cliente-ideal","tag-como-definir-a-persona-do-negocio","tag-persona","tag-potencial-cliente"],"yoast_head":"<!-- This site is optimized with the Yoast SEO plugin v23.5 - https:\/\/yoast.com\/wordpress\/plugins\/seo\/ -->\n<title>Como definir a persona do neg\u00f3cio [V\u00eddeo]? - BLOG NEXUSPRO<\/title>\n<meta name=\"description\" content=\"Veja neste v\u00eddeo como definir a persona do neg\u00f3cio e incorporar esse perfil na estrat\u00e9gia de marketing da sua empresa. Confira!\" \/>\n<meta name=\"robots\" content=\"index, follow, max-snippet:-1, max-image-preview:large, max-video-preview:-1\" \/>\n<link rel=\"canonical\" href=\"https:\/\/nexuspro.digital\/blog\/como-definir-persona-do-negocio-video\/\" \/>\n<meta property=\"og:locale\" content=\"pt_BR\" \/>\n<meta property=\"og:type\" content=\"article\" \/>\n<meta property=\"og:title\" content=\"Como definir a persona do neg\u00f3cio [V\u00eddeo]? - BLOG NEXUSPRO\" \/>\n<meta property=\"og:description\" content=\"Veja neste v\u00eddeo como definir a persona do neg\u00f3cio e incorporar esse perfil na estrat\u00e9gia de marketing da sua empresa. Confira!\" \/>\n<meta property=\"og:url\" content=\"https:\/\/nexuspro.digital\/blog\/como-definir-persona-do-negocio-video\/\" \/>\n<meta property=\"og:site_name\" content=\"BLOG NEXUSPRO\" \/>\n<meta property=\"article:publisher\" content=\"http:\/\/facebook.com\/redatoronline.net\" \/>\n<meta property=\"article:author\" content=\"https:\/\/facebook.com\/redatoronline.net\" \/>\n<meta property=\"article:published_time\" content=\"2017-12-19T11:00:41+00:00\" \/>\n<meta property=\"article:modified_time\" content=\"2020-05-29T21:02:09+00:00\" \/>\n<meta property=\"og:image\" content=\"https:\/\/nexuspro.digital\/blog\/wp-content\/uploads\/2017\/12\/como-definir-a-persona-do-neg\u00f3cio.png\" \/>\n\t<meta property=\"og:image:width\" content=\"1280\" \/>\n\t<meta property=\"og:image:height\" content=\"720\" \/>\n\t<meta property=\"og:image:type\" content=\"image\/png\" \/>\n<meta name=\"author\" content=\"Redator OnLine\" \/>\n<meta name=\"twitter:card\" content=\"summary_large_image\" \/>\n<meta name=\"twitter:creator\" content=\"@redatornet\" \/>\n<meta name=\"twitter:site\" content=\"@redatornet\" \/>\n<meta name=\"twitter:label1\" content=\"Escrito por\" \/>\n\t<meta name=\"twitter:data1\" content=\"Redator OnLine\" \/>\n\t<meta name=\"twitter:label2\" content=\"Est. tempo de leitura\" \/>\n\t<meta name=\"twitter:data2\" content=\"2 minutos\" \/>\n<script type=\"application\/ld+json\" class=\"yoast-schema-graph\">{\"@context\":\"https:\/\/schema.org\",\"@graph\":[{\"@type\":\"WebPage\",\"@id\":\"https:\/\/nexuspro.digital\/blog\/como-definir-persona-do-negocio-video\/\",\"url\":\"https:\/\/nexuspro.digital\/blog\/como-definir-persona-do-negocio-video\/\",\"name\":\"Como definir a persona do neg\u00f3cio [V\u00eddeo]? - BLOG NEXUSPRO\",\"isPartOf\":{\"@id\":\"https:\/\/nexuspro.digital\/blog\/#website\"},\"primaryImageOfPage\":{\"@id\":\"https:\/\/nexuspro.digital\/blog\/como-definir-persona-do-negocio-video\/#primaryimage\"},\"image\":{\"@id\":\"https:\/\/nexuspro.digital\/blog\/como-definir-persona-do-negocio-video\/#primaryimage\"},\"thumbnailUrl\":\"https:\/\/nexuspro.digital\/blog\/wp-content\/uploads\/2017\/12\/como-definir-a-persona-do-neg\u00f3cio.png\",\"datePublished\":\"2017-12-19T11:00:41+00:00\",\"dateModified\":\"2020-05-29T21:02:09+00:00\",\"author\":{\"@id\":\"https:\/\/nexuspro.digital\/blog\/#\/schema\/person\/de65a34dbbd325617d5df93adec7f99c\"},\"description\":\"Veja neste v\u00eddeo como definir a persona do neg\u00f3cio e incorporar esse perfil na estrat\u00e9gia de marketing da sua empresa. Confira!\",\"breadcrumb\":{\"@id\":\"https:\/\/nexuspro.digital\/blog\/como-definir-persona-do-negocio-video\/#breadcrumb\"},\"inLanguage\":\"pt-BR\",\"potentialAction\":[{\"@type\":\"ReadAction\",\"target\":[\"https:\/\/nexuspro.digital\/blog\/como-definir-persona-do-negocio-video\/\"]}]},{\"@type\":\"ImageObject\",\"inLanguage\":\"pt-BR\",\"@id\":\"https:\/\/nexuspro.digital\/blog\/como-definir-persona-do-negocio-video\/#primaryimage\",\"url\":\"https:\/\/nexuspro.digital\/blog\/wp-content\/uploads\/2017\/12\/como-definir-a-persona-do-neg\u00f3cio.png\",\"contentUrl\":\"https:\/\/nexuspro.digital\/blog\/wp-content\/uploads\/2017\/12\/como-definir-a-persona-do-neg\u00f3cio.png\",\"width\":1280,\"height\":720,\"caption\":\"como definir a persona do neg\u00f3cio\"},{\"@type\":\"BreadcrumbList\",\"@id\":\"https:\/\/nexuspro.digital\/blog\/como-definir-persona-do-negocio-video\/#breadcrumb\",\"itemListElement\":[{\"@type\":\"ListItem\",\"position\":1,\"name\":\"In\u00edcio\",\"item\":\"https:\/\/nexuspro.digital\/blog\/\"},{\"@type\":\"ListItem\",\"position\":2,\"name\":\"Como definir a persona do neg\u00f3cio [V\u00eddeo]?\"}]},{\"@type\":\"WebSite\",\"@id\":\"https:\/\/nexuspro.digital\/blog\/#website\",\"url\":\"https:\/\/nexuspro.digital\/blog\/\",\"name\":\"BLOG NEXUSPRO\",\"description\":\"Dicas de marketing de conte\u00fado, inbound marketing e marketing digital\",\"potentialAction\":[{\"@type\":\"SearchAction\",\"target\":{\"@type\":\"EntryPoint\",\"urlTemplate\":\"https:\/\/nexuspro.digital\/blog\/?s={search_term_string}\"},\"query-input\":{\"@type\":\"PropertyValueSpecification\",\"valueRequired\":true,\"valueName\":\"search_term_string\"}}],\"inLanguage\":\"pt-BR\"},{\"@type\":\"Person\",\"@id\":\"https:\/\/nexuspro.digital\/blog\/#\/schema\/person\/de65a34dbbd325617d5df93adec7f99c\",\"name\":\"Redator OnLine\",\"image\":{\"@type\":\"ImageObject\",\"inLanguage\":\"pt-BR\",\"@id\":\"https:\/\/nexuspro.digital\/blog\/#\/schema\/person\/image\/\",\"url\":\"https:\/\/secure.gravatar.com\/avatar\/c38dc7277ef4bd19ee4de5cadfc74fe1?s=96&r=g\",\"contentUrl\":\"https:\/\/secure.gravatar.com\/avatar\/c38dc7277ef4bd19ee4de5cadfc74fe1?s=96&r=g\",\"caption\":\"Redator OnLine\"},\"description\":\"Dicas, t\u00e9cnicas e sacadas sobre marketing de conte\u00fado e inbound marketing.\",\"sameAs\":[\"https:\/\/redatoronline.net\",\"https:\/\/facebook.com\/redatoronline.net\",\"https:\/\/instagram.com\/redatoronlinenet\/\",\"https:\/\/www.linkedin.com\/company\/redatoronline.net\",\"https:\/\/x.com\/redatornet\",\"https:\/\/www.youtube.com\/channel\/UC3-GQtOrEdFfRdSoXEzW-oQ\"]}]}<\/script>\n<!-- \/ Yoast SEO plugin. -->","yoast_head_json":{"title":"Como definir a persona do neg\u00f3cio [V\u00eddeo]? - BLOG NEXUSPRO","description":"Veja neste v\u00eddeo como definir a persona do neg\u00f3cio e incorporar esse perfil na estrat\u00e9gia de marketing da sua empresa. Confira!","robots":{"index":"index","follow":"follow","max-snippet":"max-snippet:-1","max-image-preview":"max-image-preview:large","max-video-preview":"max-video-preview:-1"},"canonical":"https:\/\/nexuspro.digital\/blog\/como-definir-persona-do-negocio-video\/","og_locale":"pt_BR","og_type":"article","og_title":"Como definir a persona do neg\u00f3cio [V\u00eddeo]? - BLOG NEXUSPRO","og_description":"Veja neste v\u00eddeo como definir a persona do neg\u00f3cio e incorporar esse perfil na estrat\u00e9gia de marketing da sua empresa. Confira!","og_url":"https:\/\/nexuspro.digital\/blog\/como-definir-persona-do-negocio-video\/","og_site_name":"BLOG NEXUSPRO","article_publisher":"http:\/\/facebook.com\/redatoronline.net","article_author":"https:\/\/facebook.com\/redatoronline.net","article_published_time":"2017-12-19T11:00:41+00:00","article_modified_time":"2020-05-29T21:02:09+00:00","og_image":[{"width":1280,"height":720,"url":"https:\/\/nexuspro.digital\/blog\/wp-content\/uploads\/2017\/12\/como-definir-a-persona-do-neg\u00f3cio.png","type":"image\/png"}],"author":"Redator OnLine","twitter_card":"summary_large_image","twitter_creator":"@redatornet","twitter_site":"@redatornet","twitter_misc":{"Escrito por":"Redator OnLine","Est. tempo de leitura":"2 minutos"},"schema":{"@context":"https:\/\/schema.org","@graph":[{"@type":"WebPage","@id":"https:\/\/nexuspro.digital\/blog\/como-definir-persona-do-negocio-video\/","url":"https:\/\/nexuspro.digital\/blog\/como-definir-persona-do-negocio-video\/","name":"Como definir a persona do neg\u00f3cio [V\u00eddeo]? - BLOG NEXUSPRO","isPartOf":{"@id":"https:\/\/nexuspro.digital\/blog\/#website"},"primaryImageOfPage":{"@id":"https:\/\/nexuspro.digital\/blog\/como-definir-persona-do-negocio-video\/#primaryimage"},"image":{"@id":"https:\/\/nexuspro.digital\/blog\/como-definir-persona-do-negocio-video\/#primaryimage"},"thumbnailUrl":"https:\/\/nexuspro.digital\/blog\/wp-content\/uploads\/2017\/12\/como-definir-a-persona-do-neg\u00f3cio.png","datePublished":"2017-12-19T11:00:41+00:00","dateModified":"2020-05-29T21:02:09+00:00","author":{"@id":"https:\/\/nexuspro.digital\/blog\/#\/schema\/person\/de65a34dbbd325617d5df93adec7f99c"},"description":"Veja neste v\u00eddeo como definir a persona do neg\u00f3cio e incorporar esse perfil na estrat\u00e9gia de marketing da sua empresa. Confira!","breadcrumb":{"@id":"https:\/\/nexuspro.digital\/blog\/como-definir-persona-do-negocio-video\/#breadcrumb"},"inLanguage":"pt-BR","potentialAction":[{"@type":"ReadAction","target":["https:\/\/nexuspro.digital\/blog\/como-definir-persona-do-negocio-video\/"]}]},{"@type":"ImageObject","inLanguage":"pt-BR","@id":"https:\/\/nexuspro.digital\/blog\/como-definir-persona-do-negocio-video\/#primaryimage","url":"https:\/\/nexuspro.digital\/blog\/wp-content\/uploads\/2017\/12\/como-definir-a-persona-do-neg\u00f3cio.png","contentUrl":"https:\/\/nexuspro.digital\/blog\/wp-content\/uploads\/2017\/12\/como-definir-a-persona-do-neg\u00f3cio.png","width":1280,"height":720,"caption":"como definir a persona do neg\u00f3cio"},{"@type":"BreadcrumbList","@id":"https:\/\/nexuspro.digital\/blog\/como-definir-persona-do-negocio-video\/#breadcrumb","itemListElement":[{"@type":"ListItem","position":1,"name":"In\u00edcio","item":"https:\/\/nexuspro.digital\/blog\/"},{"@type":"ListItem","position":2,"name":"Como definir a persona do neg\u00f3cio [V\u00eddeo]?"}]},{"@type":"WebSite","@id":"https:\/\/nexuspro.digital\/blog\/#website","url":"https:\/\/nexuspro.digital\/blog\/","name":"BLOG NEXUSPRO","description":"Dicas de marketing de conte\u00fado, inbound marketing e marketing digital","potentialAction":[{"@type":"SearchAction","target":{"@type":"EntryPoint","urlTemplate":"https:\/\/nexuspro.digital\/blog\/?s={search_term_string}"},"query-input":{"@type":"PropertyValueSpecification","valueRequired":true,"valueName":"search_term_string"}}],"inLanguage":"pt-BR"},{"@type":"Person","@id":"https:\/\/nexuspro.digital\/blog\/#\/schema\/person\/de65a34dbbd325617d5df93adec7f99c","name":"Redator OnLine","image":{"@type":"ImageObject","inLanguage":"pt-BR","@id":"https:\/\/nexuspro.digital\/blog\/#\/schema\/person\/image\/","url":"https:\/\/secure.gravatar.com\/avatar\/c38dc7277ef4bd19ee4de5cadfc74fe1?s=96&r=g","contentUrl":"https:\/\/secure.gravatar.com\/avatar\/c38dc7277ef4bd19ee4de5cadfc74fe1?s=96&r=g","caption":"Redator OnLine"},"description":"Dicas, t\u00e9cnicas e sacadas sobre marketing de conte\u00fado e inbound marketing.","sameAs":["https:\/\/redatoronline.net","https:\/\/facebook.com\/redatoronline.net","https:\/\/instagram.com\/redatoronlinenet\/","https:\/\/www.linkedin.com\/company\/redatoronline.net","https:\/\/x.com\/redatornet","https:\/\/www.youtube.com\/channel\/UC3-GQtOrEdFfRdSoXEzW-oQ"]}]}},"_links":{"self":[{"href":"https:\/\/nexuspro.digital\/blog\/wp-json\/wp\/v2\/posts\/3844"}],"collection":[{"href":"https:\/\/nexuspro.digital\/blog\/wp-json\/wp\/v2\/posts"}],"about":[{"href":"https:\/\/nexuspro.digital\/blog\/wp-json\/wp\/v2\/types\/post"}],"author":[{"embeddable":true,"href":"https:\/\/nexuspro.digital\/blog\/wp-json\/wp\/v2\/users\/1"}],"replies":[{"embeddable":true,"href":"https:\/\/nexuspro.digital\/blog\/wp-json\/wp\/v2\/comments?post=3844"}],"version-history":[{"count":5,"href":"https:\/\/nexuspro.digital\/blog\/wp-json\/wp\/v2\/posts\/3844\/revisions"}],"predecessor-version":[{"id":4585,"href":"https:\/\/nexuspro.digital\/blog\/wp-json\/wp\/v2\/posts\/3844\/revisions\/4585"}],"wp:featuredmedia":[{"embeddable":true,"href":"https:\/\/nexuspro.digital\/blog\/wp-json\/wp\/v2\/media\/3846"}],"wp:attachment":[{"href":"https:\/\/nexuspro.digital\/blog\/wp-json\/wp\/v2\/media?parent=3844"}],"wp:term":[{"taxonomy":"category","embeddable":true,"href":"https:\/\/nexuspro.digital\/blog\/wp-json\/wp\/v2\/categories?post=3844"},{"taxonomy":"post_tag","embeddable":true,"href":"https:\/\/nexuspro.digital\/blog\/wp-json\/wp\/v2\/tags?post=3844"}],"curies":[{"name":"wp","href":"https:\/\/api.w.org\/{rel}","templated":true}]}}